{"id":28444,"date":"2025-12-22T17:08:41","date_gmt":"2025-12-22T20:08:41","guid":{"rendered":"https:\/\/integrandosalud.com\/home\/?p=28444"},"modified":"2026-02-02T12:13:54","modified_gmt":"2026-02-02T15:13:54","slug":"nota-a-sergio-melzner-del-municipio-de-pilar","status":"publish","type":"post","link":"https:\/\/integrandosalud.com\/home\/nota-a-sergio-melzner-del-municipio-de-pilar\/","title":{"rendered":"Nota a Sergio Melzner del Municipio de Pilar"},"content":{"rendered":"\t\t<div data-elementor-type=\"wp-post\" data-elementor-id=\"28444\" class=\"elementor elementor-28444\" data-elementor-post-type=\"post\">\n\t\t\t\t<div class=\"elementor-element elementor-element-2ced444 e-con-full e-flex e-con e-parent\" data-id=\"2ced444\" data-element_type=\"container\" data-e-type=\"container\">\n\t\t\t\t<div class=\"elementor-element elementor-element-52b6d58 elementor-widget elementor-widget-heading\" data-id=\"52b6d58\" data-element_type=\"widget\" data-e-type=\"widget\" data-widget_type=\"heading.default\">\n\t\t\t\t<div class=\"elementor-widget-container\">\n\t\t\t\t\t<h2 class=\"elementor-heading-title elementor-size-default\">\u201cEn 2026 queremos pasar de gestionar el episodio a gestionar la salud. Esto significa que queremos ser m\u00e1s preventivos\u201d<\/h2>\t\t\t\t<\/div>\n\t\t\t\t<\/div>\n\t\t\t\t<div class=\"elementor-element elementor-element-ee1b89b elementor-widget elementor-widget-text-editor\" data-id=\"ee1b89b\" data-element_type=\"widget\" data-e-type=\"widget\" data-widget_type=\"text-editor.default\">\n\t\t\t\t<div class=\"elementor-widget-container\">\n\t\t\t\t\t\t\t\t\t<p><img decoding=\"async\" class=\"alignleft wp-image-28465 \" src=\"https:\/\/integrandosalud.com\/home\/wp-content\/uploads\/2025\/12\/17644508909182c-150x150.png\" alt=\"\" width=\"171\" height=\"171\" srcset=\"https:\/\/integrandosalud.com\/home\/wp-content\/uploads\/2025\/12\/17644508909182c-150x150.png 150w, https:\/\/integrandosalud.com\/home\/wp-content\/uploads\/2025\/12\/17644508909182c-300x300.png 300w, https:\/\/integrandosalud.com\/home\/wp-content\/uploads\/2025\/12\/17644508909182c-1024x1024.png 1024w, https:\/\/integrandosalud.com\/home\/wp-content\/uploads\/2025\/12\/17644508909182c-768x768.png 768w, https:\/\/integrandosalud.com\/home\/wp-content\/uploads\/2025\/12\/17644508909182c-600x600.png 600w, https:\/\/integrandosalud.com\/home\/wp-content\/uploads\/2025\/12\/17644508909182c-649x649.png 649w, https:\/\/integrandosalud.com\/home\/wp-content\/uploads\/2025\/12\/17644508909182c-100x100.png 100w, https:\/\/integrandosalud.com\/home\/wp-content\/uploads\/2025\/12\/17644508909182c.png 1080w\" sizes=\"(max-width: 171px) 100vw, 171px\" \/>Conversamos con <b><a href=\"https:\/\/www.linkedin.com\/in\/sergiomelzner\/?locale=en_US\">Sergio Melzner<\/a>, secretario de Innovaci\u00f3n del municipio de Pilar, en la Provincia de Buenos Aires<\/b>, para entender el presente, pasado y futuro de la <b>modernizaci\u00f3n del \u00e1rea de Salud de este municipio.<\/b><\/p><p><b>Melzner ocupa este cargo desde 2024<\/b>, y hasta ese entonces <b>trabajaba en el equipo que implement\u00f3 el proceso de modernizaci\u00f3n.<\/b><\/p><h3><strong>\u00a0<\/strong><\/h3><h3><strong>\u00bfQu\u00e9 diagn\u00f3stico podr\u00edas realizar acerca del proceso de digitalizaci\u00f3n y modernizaci\u00f3n de Pilar?<\/strong><\/h3><p><b>El proceso tuvo dos o tres grandes etapas.<\/b> La primera etapa fue de emergencia, durante la pandemia. <b>La innovaci\u00f3n fue la \u00fanica forma de encarar desaf\u00edos desconocidos.<\/b> <b>Digitalizamos muchas cosas, incorporamos aplicaciones y canales como WhatsApp\u2014<\/b>tenemos un bot con mucha actividad<b> y avanzamos fuerte en salud digital: historias cl\u00ednicas y herramientas de soporte al m\u00e9dico, entre otras.<\/b><\/p><p>Cuando la pandemia afloj\u00f3, <b>pasamos a una segunda etapa para extender esa visi\u00f3n a otras \u00e1reas y procesos.<\/b> Por \u00faltimo, a mediados de este a\u00f1o <u><b>comenzamos la tercera etapa, que consta de acompa\u00f1ar avances tecnol\u00f3gicos mucho m\u00e1s r\u00e1pidos, como la inteligencia artificial (IA) para lograr reducci\u00f3n de costos, nuevas interoperabilidades y hacernos eco de una ciudadan\u00eda con expectativas distintas.<\/b><\/u> Ese desaf\u00edo <b>reci\u00e9n lo estamos empezando.<\/b><\/p><p><b>En concreto, mi diagn\u00f3stico es muy bueno: somos un municipio con mucha capacidad instalada, muchas cosas resueltas y tambi\u00e9n muchos desaf\u00edos por delante.<\/b><\/p><p>\u00a0\u00a0<img fetchpriority=\"high\" decoding=\"async\" class=\"aligncenter wp-image-28453 size-full\" src=\"https:\/\/integrandosalud.com\/home\/wp-content\/uploads\/2025\/12\/Captura-de-pantalla-2023-05-18-143312-1024x580-1.jpg\" alt=\"\" width=\"1024\" height=\"580\" srcset=\"https:\/\/integrandosalud.com\/home\/wp-content\/uploads\/2025\/12\/Captura-de-pantalla-2023-05-18-143312-1024x580-1.jpg 1024w, https:\/\/integrandosalud.com\/home\/wp-content\/uploads\/2025\/12\/Captura-de-pantalla-2023-05-18-143312-1024x580-1-300x170.jpg 300w, https:\/\/integrandosalud.com\/home\/wp-content\/uploads\/2025\/12\/Captura-de-pantalla-2023-05-18-143312-1024x580-1-768x435.jpg 768w, https:\/\/integrandosalud.com\/home\/wp-content\/uploads\/2025\/12\/Captura-de-pantalla-2023-05-18-143312-1024x580-1-600x340.jpg 600w\" sizes=\"(max-width: 1024px) 100vw, 1024px\" \/>\u00a0<\/p><h3><strong>En salud, \u00bfen qu\u00e9 instancia de digitalizaci\u00f3n est\u00e1n hoy?<\/strong><\/h3><p>Hoy tenemos pr\u00e1cticamente <b>una visi\u00f3n 360 del paciente: Cada persona tiene una historia cl\u00ednica validada con su identidad<\/b>; incorporamos <b>m\u00f3dulos para ver diagn\u00f3sticos, evoluciones, episodios<\/b>, y <b>ya no se usa receta en papel salvo que alguien la pida como comprobante.<\/b> Adem\u00e1s, todos los estudios del municipio, incluyendo <b>tomograf\u00edas, resonancias, laboratorios, ecograf\u00edas, etc., est\u00e1n integrados tecnol\u00f3gica y funcionalmente.<\/b><\/p><p>Cualquier efector del municipio <b>ve la historia cl\u00ednica, estudios previos, turnos, motivos, diagn\u00f3sticos, todo de los pacientes.<\/b> Vale aclarar que <b>Pilar tiene un sistema grande: un hospital central de alta complejidad, tres hospitales m\u00e1s, m\u00e1s de 30 CAPS, UDIs y alrededor de 50 efectores. La trazabilidad es clave para derivar correctamente a un paciente.<\/b><\/p><p>Tambi\u00e9n inauguramos <b>un centro cardiovascular<\/b>, integrado desde el primer d\u00eda. <b>Incluso, integramos telemedicina al motor de historia cl\u00ednica, de la mano de <a href=\"https:\/\/www.integrandosalud.com\/\">Integrando Salud<\/a>.<\/b> De esta manera, <b>los m\u00e9dicos remotos acceden al historial completo para decidir mejor.<\/b> Solo hacemos <b>telemedicina en problemas de baja complejidad.<\/b> Y respecto a los n\u00fameros, <b>Hoy tenemos entre 2.000 y 3.000 atenciones mensuales de telemedicina.<\/b><\/p><p><img decoding=\"async\" class=\"aligncenter wp-image-28452 size-full\" src=\"https:\/\/integrandosalud.com\/home\/wp-content\/uploads\/2025\/12\/536278420_1170048165157047_2157903841940963103_n.jpg\" alt=\"\" width=\"2048\" height=\"1365\" srcset=\"https:\/\/integrandosalud.com\/home\/wp-content\/uploads\/2025\/12\/536278420_1170048165157047_2157903841940963103_n.jpg 2048w, https:\/\/integrandosalud.com\/home\/wp-content\/uploads\/2025\/12\/536278420_1170048165157047_2157903841940963103_n-300x200.jpg 300w, https:\/\/integrandosalud.com\/home\/wp-content\/uploads\/2025\/12\/536278420_1170048165157047_2157903841940963103_n-1024x683.jpg 1024w, https:\/\/integrandosalud.com\/home\/wp-content\/uploads\/2025\/12\/536278420_1170048165157047_2157903841940963103_n-768x512.jpg 768w, https:\/\/integrandosalud.com\/home\/wp-content\/uploads\/2025\/12\/536278420_1170048165157047_2157903841940963103_n-1536x1024.jpg 1536w, https:\/\/integrandosalud.com\/home\/wp-content\/uploads\/2025\/12\/536278420_1170048165157047_2157903841940963103_n-600x400.jpg 600w, https:\/\/integrandosalud.com\/home\/wp-content\/uploads\/2025\/12\/536278420_1170048165157047_2157903841940963103_n-974x649.jpg 974w\" sizes=\"(max-width: 2048px) 100vw, 2048px\" \/><\/p><h3>\u00bfCu\u00e1les son los planes para el pr\u00f3ximo a\u00f1o en salud y digitalizaci\u00f3n?<\/h3><p><b>Queremos pasar de gestionar el episodio a gestionar la salud.<\/b> Esto significa que queremos <b>ser m\u00e1s preventivos<\/b>. Es decir, <b>enviar propuestas de medidas de cuidado; acompa\u00f1ar a embarazadas, adultos mayores y personas vulnerables con monitoreo, telemedicina o recordatorios<\/b>; sugerir turnos o reprogramaciones; y <b>usar la informaci\u00f3n existente para ordenar mejor la oferta m\u00e9dica.<\/b><br \/>Apuntamos a que la tecnolog\u00eda <b>se adelante al pedido del vecino y proponga acciones preventivas sin ser invasiva.<\/b><\/p><h3>\u00bfDetectaron insights relevantes gracias a la digitalizaci\u00f3n?<\/h3><p><b>S\u00ed. Un caso fuerte fue el ausentismo en turnos, un problema general del sistema de salud.<br \/>Modelamos 14 variables: patolog\u00eda, motivo de consulta, edad, g\u00e9nero, distancia al CAPS, horario del turno, entre otras.<\/b><\/p><p>Como resultado, obtuvimos hallazgos interesantes<b>, por ejemplo: si el turno est\u00e1 muy distante en el tiempo, la probabilidad de asistencia baja; muchas personas sacaban m\u00e1s de un turno (en otros sistemas) y asist\u00edan al m\u00e1s inmediato.<\/b><\/p><p>Usamos esta informaci\u00f3n para <b>dar turnos m\u00e1s adecuados a quienes son ausentes cr\u00f3nicos; ofrecer telemedicina cuando es apropiada; y hacer que m\u00e1s personas declaren que no van a asistir, liberando turnos para otros.<\/b><\/p><p><b>El proyecto lleva 45\u201360 d\u00edas<\/b>, con resultados prometedores, <u><b>pero necesita comparaciones interanuales para ser concluyente.<\/b><\/u> Tambi\u00e9n detectamos que <b>el ausentismo es muy estacional.<\/b><\/p><p>Quiero destacar que <b>la telemedicina resolvi\u00f3 muchos de esos casos porque le permite a la gente atenderse en minutos desde su casa.<\/b><\/p><p><b><img loading=\"lazy\" decoding=\"async\" class=\"aligncenter wp-image-28454 size-full\" src=\"https:\/\/integrandosalud.com\/home\/wp-content\/uploads\/2025\/12\/pilar-telemedicina-IS.jpg\" alt=\"\" width=\"1600\" height=\"900\" srcset=\"https:\/\/integrandosalud.com\/home\/wp-content\/uploads\/2025\/12\/pilar-telemedicina-IS.jpg 1600w, https:\/\/integrandosalud.com\/home\/wp-content\/uploads\/2025\/12\/pilar-telemedicina-IS-300x169.jpg 300w, https:\/\/integrandosalud.com\/home\/wp-content\/uploads\/2025\/12\/pilar-telemedicina-IS-1024x576.jpg 1024w, https:\/\/integrandosalud.com\/home\/wp-content\/uploads\/2025\/12\/pilar-telemedicina-IS-768x432.jpg 768w, https:\/\/integrandosalud.com\/home\/wp-content\/uploads\/2025\/12\/pilar-telemedicina-IS-1536x864.jpg 1536w, https:\/\/integrandosalud.com\/home\/wp-content\/uploads\/2025\/12\/pilar-telemedicina-IS-600x338.jpg 600w, https:\/\/integrandosalud.com\/home\/wp-content\/uploads\/2025\/12\/pilar-telemedicina-IS-1154x649.jpg 1154w\" sizes=\"(max-width: 1600px) 100vw, 1600px\" \/><\/b><\/p><h3>\u00bfDetectaron algo propio de salud p\u00fablica, m\u00e1s all\u00e1 de turnos?<\/h3><p>S\u00ed. En el caso cardiovascular <b>observamos el impacto enorme de una hipertensi\u00f3n mal tratada en tratamientos posteriores, complejidad y recursos.<\/b> <b>Eso impuls\u00f3 directamente la creaci\u00f3n del centro cardiovascular: decisiones basadas en datos.<\/b><\/p><p>Tambi\u00e9n encontramos <b>patrones en pediatr\u00eda y embarazos.<\/b> Para embarazadas, <b>adultos mayores y sectores vulnerables tenemos protocolos de seguimiento basados en historia cl\u00ednica digital.<\/b><\/p><p>Adem\u00e1s, <b>analizamos el impacto de la migraci\u00f3n interna: en fines de semana la poblaci\u00f3n de Pilar crece 35% por la afluencia de personas que viven en barrios cerrados.<\/b> Esto <b>afecta la demanda sanitaria y la administraci\u00f3n del recurso p\u00fablico: tiempo del m\u00e9dico, guardias, insumos.<\/b><\/p><p>A futuro, <b>trabajamos en interoperabilidad con otros municipios para compartir informaci\u00f3n cl\u00ednica cuando sea seguro y legalmente viable.<\/b><\/p><p><img loading=\"lazy\" decoding=\"async\" class=\"aligncenter wp-image-28451 size-full\" src=\"https:\/\/integrandosalud.com\/home\/wp-content\/uploads\/2025\/12\/536183293_1170048151823715_336287645982477569_n.jpg\" alt=\"\" width=\"2048\" height=\"1365\" srcset=\"https:\/\/integrandosalud.com\/home\/wp-content\/uploads\/2025\/12\/536183293_1170048151823715_336287645982477569_n.jpg 2048w, https:\/\/integrandosalud.com\/home\/wp-content\/uploads\/2025\/12\/536183293_1170048151823715_336287645982477569_n-300x200.jpg 300w, https:\/\/integrandosalud.com\/home\/wp-content\/uploads\/2025\/12\/536183293_1170048151823715_336287645982477569_n-1024x683.jpg 1024w, https:\/\/integrandosalud.com\/home\/wp-content\/uploads\/2025\/12\/536183293_1170048151823715_336287645982477569_n-768x512.jpg 768w, https:\/\/integrandosalud.com\/home\/wp-content\/uploads\/2025\/12\/536183293_1170048151823715_336287645982477569_n-1536x1024.jpg 1536w, https:\/\/integrandosalud.com\/home\/wp-content\/uploads\/2025\/12\/536183293_1170048151823715_336287645982477569_n-600x400.jpg 600w, https:\/\/integrandosalud.com\/home\/wp-content\/uploads\/2025\/12\/536183293_1170048151823715_336287645982477569_n-974x649.jpg 974w\" sizes=\"(max-width: 2048px) 100vw, 2048px\" \/><\/p><h3>\u00bfQu\u00e9 consejo les dar\u00edas a otros funcionarios del pa\u00eds que quieran avanzar con la digitalizaci\u00f3n del \u00e1rea de Salud?<\/h3><p><b>Que lo hagan y que busquen experiencias de otros municipios y ciudades capitales.<\/b> Que gestionen <b>alrededor de las personas y no de la burocracia, construyendo una historia del vecino para darle el mejor servicio.<\/b> En salud,<b> la historia cl\u00ednica debe ser el coraz\u00f3n del sistema,<\/b> apoyada en herramientas <b>transversales e interoperables.<\/b> Es clave <b>medir el impacto y no implementar tecnolog\u00eda por la tecnolog\u00eda misma, sino tomar decisiones basadas en datos vivos y monitoreables.<\/b> Tambi\u00e9n es fundamental <b>capacitar de forma permanente al personal, sin perder el contacto humano: si la herramienta no resuelve un problema, el funcionario tiene que resolverlo igual y despu\u00e9s ajustar la herramienta.<\/b> Todo esto requiere <b>trabajar como equipo entre secretar\u00edas y niveles de gobierno, y pedir ayuda, apoy\u00e1ndose en redes como RIL (Red de Innovaci\u00f3n Local) para compartir soluciones, investigar en conjunto y abaratar costos.<\/b><\/p>\t\t\t\t\t\t\t\t<\/div>\n\t\t\t\t<\/div>\n\t\t\t\t<div class=\"elementor-element elementor-element-08c5203 elementor-widget elementor-widget-heading\" data-id=\"08c5203\" data-element_type=\"widget\" data-e-type=\"widget\" data-widget_type=\"heading.default\">\n\t\t\t\t<div class=\"elementor-widget-container\">\n\t\t\t\t\t<h3 class=\"elementor-heading-title elementor-size-default\"><a href=\"https:\/\/integrandosalud.com\/home\/i-redes-de-salud\/\">Si queres implementar Integrando Salud en alguna red de salud, conoc\u00e9 el Plan I-redes de Salud.<\/a><\/h3>\t\t\t\t<\/div>\n\t\t\t\t<\/div>\n\t\t\t\t<\/div>\n\t\t\t\t<\/div>\n\t\t","protected":false},"excerpt":{"rendered":"<p>Conversamos con Sergio Melzner, secretario de Innovaci\u00f3n del municipio de Pilar, en la Provincia de Buenos Aires<\/p>\n","protected":false},"author":1,"featured_media":28459,"comment_status":"open","ping_status":"open","sticky":false,"template":"","format":"standard","meta":{"content-type":"","footnotes":""},"categories":[22,23,28],"tags":[24,25],"class_list":["post-28444","post","type-post","status-publish","format-standard","has-post-thumbnail","hentry","category-alianzas","category-funcionalidades","category-tecnologia-y-salud","tag-implementaciones","tag-informatica-en-salud"],"yoast_head":"<!-- This site is optimized with the Yoast SEO Premium plugin v27.4 (Yoast SEO v27.4) - https:\/\/yoast.com\/product\/yoast-seo-premium-wordpress\/ -->\n<title>Sergio Melzner - Municipio de Pilar y la Salud - Integrando Salud<\/title>\n<meta name=\"description\" content=\"Conoce a Sergio Melzner y su visi\u00f3n sobre la salud en el Municipio de Pilar. Innovaci\u00f3n y prevenci\u00f3n son la clave del futuro.\" \/>\n<meta name=\"robots\" content=\"index, follow, max-snippet:-1, max-image-preview:large, max-video-preview:-1\" \/>\n<link rel=\"canonical\" href=\"https:\/\/integrandosalud.com\/home\/nota-a-sergio-melzner-del-municipio-de-pilar\/\" \/>\n<meta property=\"og:locale\" content=\"es_ES\" \/>\n<meta property=\"og:type\" content=\"article\" \/>\n<meta property=\"og:title\" content=\"Nota a Sergio Melzner del Municipio de Pilar\" \/>\n<meta property=\"og:description\" content=\"Conoce a Sergio Melzner y su visi\u00f3n sobre la salud en el Municipio de Pilar. Innovaci\u00f3n y prevenci\u00f3n son la clave del futuro.\" \/>\n<meta property=\"og:url\" content=\"https:\/\/integrandosalud.com\/home\/nota-a-sergio-melzner-del-municipio-de-pilar\/\" \/>\n<meta property=\"og:site_name\" content=\"Integrando Salud\" \/>\n<meta property=\"article:publisher\" content=\"https:\/\/www.facebook.com\/hce.integrandosalud\" \/>\n<meta property=\"article:published_time\" content=\"2025-12-22T20:08:41+00:00\" \/>\n<meta property=\"article:modified_time\" content=\"2026-02-02T15:13:54+00:00\" \/>\n<meta property=\"og:image\" content=\"https:\/\/integrandosalud.com\/home\/wp-content\/uploads\/2025\/12\/pilar-IS-redes-2.jpg\" \/>\n\t<meta property=\"og:image:width\" content=\"1600\" \/>\n\t<meta property=\"og:image:height\" content=\"900\" \/>\n\t<meta property=\"og:image:type\" content=\"image\/jpeg\" \/>\n<meta name=\"author\" content=\"Integrando Salud\" \/>\n<meta name=\"twitter:card\" content=\"summary_large_image\" \/>\n<meta name=\"twitter:creator\" content=\"@integrandosalud\" \/>\n<meta name=\"twitter:site\" content=\"@integrandosalud\" \/>\n<meta name=\"twitter:label1\" content=\"Escrito por\" \/>\n\t<meta name=\"twitter:data1\" content=\"Integrando Salud\" \/>\n\t<meta name=\"twitter:label2\" content=\"Tiempo de lectura\" \/>\n\t<meta name=\"twitter:data2\" content=\"6 minutos\" \/>\n<script type=\"application\/ld+json\" class=\"yoast-schema-graph\">{\"@context\":\"https:\\\/\\\/schema.org\",\"@graph\":[{\"@type\":\"Article\",\"@id\":\"https:\\\/\\\/integrandosalud.com\\\/home\\\/nota-a-sergio-melzner-del-municipio-de-pilar\\\/#article\",\"isPartOf\":{\"@id\":\"https:\\\/\\\/integrandosalud.com\\\/home\\\/nota-a-sergio-melzner-del-municipio-de-pilar\\\/\"},\"author\":{\"name\":\"Integrando Salud\",\"@id\":\"https:\\\/\\\/integrandosalud.com\\\/home\\\/#\\\/schema\\\/person\\\/3c5aea1983884b2c1f618ac5a868cbd2\"},\"headline\":\"Nota a Sergio Melzner del Municipio de Pilar\",\"datePublished\":\"2025-12-22T20:08:41+00:00\",\"dateModified\":\"2026-02-02T15:13:54+00:00\",\"mainEntityOfPage\":{\"@id\":\"https:\\\/\\\/integrandosalud.com\\\/home\\\/nota-a-sergio-melzner-del-municipio-de-pilar\\\/\"},\"wordCount\":1041,\"commentCount\":0,\"publisher\":{\"@id\":\"https:\\\/\\\/integrandosalud.com\\\/home\\\/#organization\"},\"image\":{\"@id\":\"https:\\\/\\\/integrandosalud.com\\\/home\\\/nota-a-sergio-melzner-del-municipio-de-pilar\\\/#primaryimage\"},\"thumbnailUrl\":\"https:\\\/\\\/integrandosalud.com\\\/home\\\/wp-content\\\/uploads\\\/2025\\\/12\\\/pilar-IS-portada.jpg\",\"keywords\":[\"IMPLEMENTACIONES\",\"INFORM\u00c1TICA EN SALUD\"],\"articleSection\":[\"ALIANZAS\",\"FUNCIONALIDADES\",\"TECNOLOG\u00cdA Y SALUD\"],\"inLanguage\":\"es\",\"potentialAction\":[{\"@type\":\"CommentAction\",\"name\":\"Comment\",\"target\":[\"https:\\\/\\\/integrandosalud.com\\\/home\\\/nota-a-sergio-melzner-del-municipio-de-pilar\\\/#respond\"]}]},{\"@type\":\"WebPage\",\"@id\":\"https:\\\/\\\/integrandosalud.com\\\/home\\\/nota-a-sergio-melzner-del-municipio-de-pilar\\\/\",\"url\":\"https:\\\/\\\/integrandosalud.com\\\/home\\\/nota-a-sergio-melzner-del-municipio-de-pilar\\\/\",\"name\":\"Sergio Melzner - Municipio de Pilar y la Salud - Integrando Salud\",\"isPartOf\":{\"@id\":\"https:\\\/\\\/integrandosalud.com\\\/home\\\/#website\"},\"primaryImageOfPage\":{\"@id\":\"https:\\\/\\\/integrandosalud.com\\\/home\\\/nota-a-sergio-melzner-del-municipio-de-pilar\\\/#primaryimage\"},\"image\":{\"@id\":\"https:\\\/\\\/integrandosalud.com\\\/home\\\/nota-a-sergio-melzner-del-municipio-de-pilar\\\/#primaryimage\"},\"thumbnailUrl\":\"https:\\\/\\\/integrandosalud.com\\\/home\\\/wp-content\\\/uploads\\\/2025\\\/12\\\/pilar-IS-portada.jpg\",\"datePublished\":\"2025-12-22T20:08:41+00:00\",\"dateModified\":\"2026-02-02T15:13:54+00:00\",\"description\":\"Conoce a Sergio Melzner y su visi\u00f3n sobre la salud en el Municipio de Pilar. Innovaci\u00f3n y prevenci\u00f3n son la clave del futuro.\",\"breadcrumb\":{\"@id\":\"https:\\\/\\\/integrandosalud.com\\\/home\\\/nota-a-sergio-melzner-del-municipio-de-pilar\\\/#breadcrumb\"},\"inLanguage\":\"es\",\"potentialAction\":[{\"@type\":\"ReadAction\",\"target\":[\"https:\\\/\\\/integrandosalud.com\\\/home\\\/nota-a-sergio-melzner-del-municipio-de-pilar\\\/\"]}]},{\"@type\":\"ImageObject\",\"inLanguage\":\"es\",\"@id\":\"https:\\\/\\\/integrandosalud.com\\\/home\\\/nota-a-sergio-melzner-del-municipio-de-pilar\\\/#primaryimage\",\"url\":\"https:\\\/\\\/integrandosalud.com\\\/home\\\/wp-content\\\/uploads\\\/2025\\\/12\\\/pilar-IS-portada.jpg\",\"contentUrl\":\"https:\\\/\\\/integrandosalud.com\\\/home\\\/wp-content\\\/uploads\\\/2025\\\/12\\\/pilar-IS-portada.jpg\",\"width\":1500,\"height\":600},{\"@type\":\"BreadcrumbList\",\"@id\":\"https:\\\/\\\/integrandosalud.com\\\/home\\\/nota-a-sergio-melzner-del-municipio-de-pilar\\\/#breadcrumb\",\"itemListElement\":[{\"@type\":\"ListItem\",\"position\":1,\"name\":\"Portada\",\"item\":\"https:\\\/\\\/integrandosalud.com\\\/home\\\/\"},{\"@type\":\"ListItem\",\"position\":2,\"name\":\"Nota a Sergio Melzner del Municipio de Pilar\"}]},{\"@type\":\"WebSite\",\"@id\":\"https:\\\/\\\/integrandosalud.com\\\/home\\\/#website\",\"url\":\"https:\\\/\\\/integrandosalud.com\\\/home\\\/\",\"name\":\"Integrando Salud\",\"description\":\"Sistema integral de gesti\u00f3n hospitalaria, cl\u00ednicas y consultorios. HIS \\\/ HCE \\\/ ERP. Telemedicina. Administraci\u00f3n. Contabilidad. Portal del Paciente.\",\"publisher\":{\"@id\":\"https:\\\/\\\/integrandosalud.com\\\/home\\\/#organization\"},\"potentialAction\":[{\"@type\":\"SearchAction\",\"target\":{\"@type\":\"EntryPoint\",\"urlTemplate\":\"https:\\\/\\\/integrandosalud.com\\\/home\\\/?s={search_term_string}\"},\"query-input\":{\"@type\":\"PropertyValueSpecification\",\"valueRequired\":true,\"valueName\":\"search_term_string\"}}],\"inLanguage\":\"es\"},{\"@type\":\"Organization\",\"@id\":\"https:\\\/\\\/integrandosalud.com\\\/home\\\/#organization\",\"name\":\"Integrando Salud\",\"alternateName\":\"IS\",\"url\":\"https:\\\/\\\/integrandosalud.com\\\/home\\\/\",\"logo\":{\"@type\":\"ImageObject\",\"inLanguage\":\"es\",\"@id\":\"https:\\\/\\\/integrandosalud.com\\\/home\\\/#\\\/schema\\\/logo\\\/image\\\/\",\"url\":\"https:\\\/\\\/integrandosalud.com\\\/home\\\/wp-content\\\/uploads\\\/2025\\\/03\\\/cropped-Marca-Integrand-iso.png\",\"contentUrl\":\"https:\\\/\\\/integrandosalud.com\\\/home\\\/wp-content\\\/uploads\\\/2025\\\/03\\\/cropped-Marca-Integrand-iso.png\",\"width\":512,\"height\":512,\"caption\":\"Integrando Salud\"},\"image\":{\"@id\":\"https:\\\/\\\/integrandosalud.com\\\/home\\\/#\\\/schema\\\/logo\\\/image\\\/\"},\"sameAs\":[\"https:\\\/\\\/www.facebook.com\\\/hce.integrandosalud\",\"https:\\\/\\\/x.com\\\/integrandosalud\",\"https:\\\/\\\/www.instagram.com\\\/integrandosalud\\\/\",\"https:\\\/\\\/www.linkedin.com\\\/company\\\/integrandosalud\\\/\"],\"description\":\"Integrando Salud es el primer software m\u00e9dico que brinda a los profesionales de la salud un seguimiento de sus pacientes de 360\u00ba, sin necesidad de cambiar de aplicaci\u00f3n.\",\"email\":\"info@integrandosalud.com\",\"telephone\":\"+5491161148794\",\"foundingDate\":\"2010-10-20\"},{\"@type\":\"Person\",\"@id\":\"https:\\\/\\\/integrandosalud.com\\\/home\\\/#\\\/schema\\\/person\\\/3c5aea1983884b2c1f618ac5a868cbd2\",\"name\":\"Integrando Salud\",\"image\":{\"@type\":\"ImageObject\",\"inLanguage\":\"es\",\"@id\":\"https:\\\/\\\/secure.gravatar.com\\\/avatar\\\/b032a7727ddfc3d074543d69465d20e322d44dadbc7a4fc14c4083fc51a842aa?s=96&d=mm&r=g\",\"url\":\"https:\\\/\\\/secure.gravatar.com\\\/avatar\\\/b032a7727ddfc3d074543d69465d20e322d44dadbc7a4fc14c4083fc51a842aa?s=96&d=mm&r=g\",\"contentUrl\":\"https:\\\/\\\/secure.gravatar.com\\\/avatar\\\/b032a7727ddfc3d074543d69465d20e322d44dadbc7a4fc14c4083fc51a842aa?s=96&d=mm&r=g\",\"caption\":\"Integrando Salud\"},\"sameAs\":[\"https:\\\/\\\/www.integrandosalud.com\"],\"url\":\"https:\\\/\\\/integrandosalud.com\\\/home\\\/author\\\/admin\\\/\"}]}<\/script>\n<!-- \/ Yoast SEO Premium plugin. -->","yoast_head_json":{"title":"Sergio Melzner - Municipio de Pilar y la Salud - Integrando Salud","description":"Conoce a Sergio Melzner y su visi\u00f3n sobre la salud en el Municipio de Pilar. Innovaci\u00f3n y prevenci\u00f3n son la clave del futuro.","robots":{"index":"index","follow":"follow","max-snippet":"max-snippet:-1","max-image-preview":"max-image-preview:large","max-video-preview":"max-video-preview:-1"},"canonical":"https:\/\/integrandosalud.com\/home\/nota-a-sergio-melzner-del-municipio-de-pilar\/","og_locale":"es_ES","og_type":"article","og_title":"Nota a Sergio Melzner del Municipio de Pilar","og_description":"Conoce a Sergio Melzner y su visi\u00f3n sobre la salud en el Municipio de Pilar. Innovaci\u00f3n y prevenci\u00f3n son la clave del futuro.","og_url":"https:\/\/integrandosalud.com\/home\/nota-a-sergio-melzner-del-municipio-de-pilar\/","og_site_name":"Integrando Salud","article_publisher":"https:\/\/www.facebook.com\/hce.integrandosalud","article_published_time":"2025-12-22T20:08:41+00:00","article_modified_time":"2026-02-02T15:13:54+00:00","og_image":[{"width":1600,"height":900,"url":"https:\/\/integrandosalud.com\/home\/wp-content\/uploads\/2025\/12\/pilar-IS-redes-2.jpg","type":"image\/jpeg"}],"author":"Integrando Salud","twitter_card":"summary_large_image","twitter_creator":"@integrandosalud","twitter_site":"@integrandosalud","twitter_misc":{"Escrito por":"Integrando Salud","Tiempo de lectura":"6 minutos"},"schema":{"@context":"https:\/\/schema.org","@graph":[{"@type":"Article","@id":"https:\/\/integrandosalud.com\/home\/nota-a-sergio-melzner-del-municipio-de-pilar\/#article","isPartOf":{"@id":"https:\/\/integrandosalud.com\/home\/nota-a-sergio-melzner-del-municipio-de-pilar\/"},"author":{"name":"Integrando Salud","@id":"https:\/\/integrandosalud.com\/home\/#\/schema\/person\/3c5aea1983884b2c1f618ac5a868cbd2"},"headline":"Nota a Sergio Melzner del Municipio de Pilar","datePublished":"2025-12-22T20:08:41+00:00","dateModified":"2026-02-02T15:13:54+00:00","mainEntityOfPage":{"@id":"https:\/\/integrandosalud.com\/home\/nota-a-sergio-melzner-del-municipio-de-pilar\/"},"wordCount":1041,"commentCount":0,"publisher":{"@id":"https:\/\/integrandosalud.com\/home\/#organization"},"image":{"@id":"https:\/\/integrandosalud.com\/home\/nota-a-sergio-melzner-del-municipio-de-pilar\/#primaryimage"},"thumbnailUrl":"https:\/\/integrandosalud.com\/home\/wp-content\/uploads\/2025\/12\/pilar-IS-portada.jpg","keywords":["IMPLEMENTACIONES","INFORM\u00c1TICA EN SALUD"],"articleSection":["ALIANZAS","FUNCIONALIDADES","TECNOLOG\u00cdA Y SALUD"],"inLanguage":"es","potentialAction":[{"@type":"CommentAction","name":"Comment","target":["https:\/\/integrandosalud.com\/home\/nota-a-sergio-melzner-del-municipio-de-pilar\/#respond"]}]},{"@type":"WebPage","@id":"https:\/\/integrandosalud.com\/home\/nota-a-sergio-melzner-del-municipio-de-pilar\/","url":"https:\/\/integrandosalud.com\/home\/nota-a-sergio-melzner-del-municipio-de-pilar\/","name":"Sergio Melzner - Municipio de Pilar y la Salud - Integrando Salud","isPartOf":{"@id":"https:\/\/integrandosalud.com\/home\/#website"},"primaryImageOfPage":{"@id":"https:\/\/integrandosalud.com\/home\/nota-a-sergio-melzner-del-municipio-de-pilar\/#primaryimage"},"image":{"@id":"https:\/\/integrandosalud.com\/home\/nota-a-sergio-melzner-del-municipio-de-pilar\/#primaryimage"},"thumbnailUrl":"https:\/\/integrandosalud.com\/home\/wp-content\/uploads\/2025\/12\/pilar-IS-portada.jpg","datePublished":"2025-12-22T20:08:41+00:00","dateModified":"2026-02-02T15:13:54+00:00","description":"Conoce a Sergio Melzner y su visi\u00f3n sobre la salud en el Municipio de Pilar. Innovaci\u00f3n y prevenci\u00f3n son la clave del futuro.","breadcrumb":{"@id":"https:\/\/integrandosalud.com\/home\/nota-a-sergio-melzner-del-municipio-de-pilar\/#breadcrumb"},"inLanguage":"es","potentialAction":[{"@type":"ReadAction","target":["https:\/\/integrandosalud.com\/home\/nota-a-sergio-melzner-del-municipio-de-pilar\/"]}]},{"@type":"ImageObject","inLanguage":"es","@id":"https:\/\/integrandosalud.com\/home\/nota-a-sergio-melzner-del-municipio-de-pilar\/#primaryimage","url":"https:\/\/integrandosalud.com\/home\/wp-content\/uploads\/2025\/12\/pilar-IS-portada.jpg","contentUrl":"https:\/\/integrandosalud.com\/home\/wp-content\/uploads\/2025\/12\/pilar-IS-portada.jpg","width":1500,"height":600},{"@type":"BreadcrumbList","@id":"https:\/\/integrandosalud.com\/home\/nota-a-sergio-melzner-del-municipio-de-pilar\/#breadcrumb","itemListElement":[{"@type":"ListItem","position":1,"name":"Portada","item":"https:\/\/integrandosalud.com\/home\/"},{"@type":"ListItem","position":2,"name":"Nota a Sergio Melzner del Municipio de Pilar"}]},{"@type":"WebSite","@id":"https:\/\/integrandosalud.com\/home\/#website","url":"https:\/\/integrandosalud.com\/home\/","name":"Integrando Salud","description":"Sistema integral de gesti\u00f3n hospitalaria, cl\u00ednicas y consultorios. HIS \/ HCE \/ ERP. Telemedicina. Administraci\u00f3n. Contabilidad. Portal del Paciente.","publisher":{"@id":"https:\/\/integrandosalud.com\/home\/#organization"},"potentialAction":[{"@type":"SearchAction","target":{"@type":"EntryPoint","urlTemplate":"https:\/\/integrandosalud.com\/home\/?s={search_term_string}"},"query-input":{"@type":"PropertyValueSpecification","valueRequired":true,"valueName":"search_term_string"}}],"inLanguage":"es"},{"@type":"Organization","@id":"https:\/\/integrandosalud.com\/home\/#organization","name":"Integrando Salud","alternateName":"IS","url":"https:\/\/integrandosalud.com\/home\/","logo":{"@type":"ImageObject","inLanguage":"es","@id":"https:\/\/integrandosalud.com\/home\/#\/schema\/logo\/image\/","url":"https:\/\/integrandosalud.com\/home\/wp-content\/uploads\/2025\/03\/cropped-Marca-Integrand-iso.png","contentUrl":"https:\/\/integrandosalud.com\/home\/wp-content\/uploads\/2025\/03\/cropped-Marca-Integrand-iso.png","width":512,"height":512,"caption":"Integrando Salud"},"image":{"@id":"https:\/\/integrandosalud.com\/home\/#\/schema\/logo\/image\/"},"sameAs":["https:\/\/www.facebook.com\/hce.integrandosalud","https:\/\/x.com\/integrandosalud","https:\/\/www.instagram.com\/integrandosalud\/","https:\/\/www.linkedin.com\/company\/integrandosalud\/"],"description":"Integrando Salud es el primer software m\u00e9dico que brinda a los profesionales de la salud un seguimiento de sus pacientes de 360\u00ba, sin necesidad de cambiar de aplicaci\u00f3n.","email":"info@integrandosalud.com","telephone":"+5491161148794","foundingDate":"2010-10-20"},{"@type":"Person","@id":"https:\/\/integrandosalud.com\/home\/#\/schema\/person\/3c5aea1983884b2c1f618ac5a868cbd2","name":"Integrando Salud","image":{"@type":"ImageObject","inLanguage":"es","@id":"https:\/\/secure.gravatar.com\/avatar\/b032a7727ddfc3d074543d69465d20e322d44dadbc7a4fc14c4083fc51a842aa?s=96&d=mm&r=g","url":"https:\/\/secure.gravatar.com\/avatar\/b032a7727ddfc3d074543d69465d20e322d44dadbc7a4fc14c4083fc51a842aa?s=96&d=mm&r=g","contentUrl":"https:\/\/secure.gravatar.com\/avatar\/b032a7727ddfc3d074543d69465d20e322d44dadbc7a4fc14c4083fc51a842aa?s=96&d=mm&r=g","caption":"Integrando Salud"},"sameAs":["https:\/\/www.integrandosalud.com"],"url":"https:\/\/integrandosalud.com\/home\/author\/admin\/"}]}},"_links":{"self":[{"href":"https:\/\/integrandosalud.com\/home\/wp-json\/wp\/v2\/posts\/28444","targetHints":{"allow":["GET"]}}],"collection":[{"href":"https:\/\/integrandosalud.com\/home\/wp-json\/wp\/v2\/posts"}],"about":[{"href":"https:\/\/integrandosalud.com\/home\/wp-json\/wp\/v2\/types\/post"}],"author":[{"embeddable":true,"href":"https:\/\/integrandosalud.com\/home\/wp-json\/wp\/v2\/users\/1"}],"replies":[{"embeddable":true,"href":"https:\/\/integrandosalud.com\/home\/wp-json\/wp\/v2\/comments?post=28444"}],"version-history":[{"count":0,"href":"https:\/\/integrandosalud.com\/home\/wp-json\/wp\/v2\/posts\/28444\/revisions"}],"wp:featuredmedia":[{"embeddable":true,"href":"https:\/\/integrandosalud.com\/home\/wp-json\/wp\/v2\/media\/28459"}],"wp:attachment":[{"href":"https:\/\/integrandosalud.com\/home\/wp-json\/wp\/v2\/media?parent=28444"}],"wp:term":[{"taxonomy":"category","embeddable":true,"href":"https:\/\/integrandosalud.com\/home\/wp-json\/wp\/v2\/categories?post=28444"},{"taxonomy":"post_tag","embeddable":true,"href":"https:\/\/integrandosalud.com\/home\/wp-json\/wp\/v2\/tags?post=28444"}],"curies":[{"name":"wp","href":"https:\/\/api.w.org\/{rel}","templated":true}]}}